{"id":2149,"date":"2025-09-12T07:15:51","date_gmt":"2025-09-12T05:15:51","guid":{"rendered":"https:\/\/eriget.com\/?p=2149"},"modified":"2025-09-11T08:59:48","modified_gmt":"2025-09-11T06:59:48","slug":"litw-de-gaetan-van-wijck-developpeur-dinclusion-immersive","status":"publish","type":"post","link":"https:\/\/eriget.com\/index.php\/2025\/09\/12\/litw-de-gaetan-van-wijck-developpeur-dinclusion-immersive\/","title":{"rendered":"L&rsquo;itw de Gaetan Van Wijck, d\u00e9veloppeur d&rsquo;inclusion immersive"},"content":{"rendered":"<p>Les interviews Happy PodCash vous pr\u00e9sentent de nouveaux h\u00e9ros dans un format plus court, plus condens\u00e9, plus rythm\u00e9.<br \/>\nComme pour les podcasts longue dur\u00e9e, ils incarnent pleinement la positivit\u00e9 et l&rsquo;humilit\u00e9 de ceux et celles qui changent le monde.<br \/>\nAujourd&rsquo;hui je vous pr\u00e9sente Gaetan Van Wijck fondateur et CEO de Melimpus, start up d&rsquo;innovation m\u00e9dicale dans les technologies de la sant\u00e9.<br \/>\nIl nous explique comment son sentiment de s&rsquo;\u00e9loigner de l&rsquo;\u00e9thique tout en d\u00e9passant ses limites l&rsquo;a naturellement conduit \u00e0 quitter le salariat pour l&rsquo;entrepreneuriat.<br \/>\nGaetan accompagne les personnes en maladie longue dur\u00e9e, \u00e0 retourner vers l&rsquo;entreprise avec un outil de r\u00e9alit\u00e9 virtuelle et un accompagnement pour les aider \u00e0 reprendre confiance.<br \/>\nIl nous rappelle que le travail c&rsquo;est la sant\u00e9, que les personnes qui travaillent ou qui ont une occupation sont g\u00e9n\u00e9ralement plus heureuses que celles qui n&rsquo;en ont pas.<\/p>\n<p><iframe src=\"https:\/\/dts.podtrac.com\/redirect.mp3\/op3.dev\/e\/www.vodio.fr\/frameplay.php?idref=27500&amp;urlref=1\"><\/iframe><\/p>\n","protected":false},"excerpt":{"rendered":"<p>Les interviews Happy PodCash vous pr\u00e9sentent de nouveaux h\u00e9ros dans un format plus court, plus condens\u00e9, plus rythm\u00e9. Comme pour les podcasts longue dur\u00e9e, ils incarnent pleinement la positivit\u00e9 et l&rsquo;humilit\u00e9 de ceux et celles qui changent le monde. Aujourd&rsquo;hui je vous pr\u00e9sente Gaetan Van Wijck fondateur et CEO de Melimpus, start up d&rsquo;innovation m\u00e9dicale&hellip; <br \/> <a class=\"read-more\" href=\"https:\/\/eriget.com\/index.php\/2025\/09\/12\/litw-de-gaetan-van-wijck-developpeur-dinclusion-immersive\/\">Lire la suite<\/a><\/p>\n","protected":false},"author":2,"featured_media":2150,"comment_status":"closed","ping_status":"open","sticky":false,"template":"","format":"standard","meta":{"footnotes":""},"categories":[1],"tags":[],"class_list":["post-2149","post","type-post","status-publish","format-standard","has-post-thumbnail","hentry","category-non-classe"],"yoast_head":"<!-- This site is optimized with the Yoast SEO plugin v26.8 - https:\/\/yoast.com\/product\/yoast-seo-wordpress\/ -->\n<title>L&#039;itw de Gaetan Van Wijck, d\u00e9veloppeur d&#039;inclusion immersive - ERIGET - Transformation des entreprises<\/title>\n<meta name=\"robots\" content=\"index, follow, max-snippet:-1, max-image-preview:large, max-video-preview:-1\" \/>\n<link rel=\"canonical\" href=\"https:\/\/eriget.com\/index.php\/2025\/09\/12\/litw-de-gaetan-van-wijck-developpeur-dinclusion-immersive\/\" \/>\n<meta property=\"og:locale\" content=\"fr_FR\" \/>\n<meta property=\"og:type\" content=\"article\" \/>\n<meta property=\"og:title\" content=\"L&#039;itw de Gaetan Van Wijck, d\u00e9veloppeur d&#039;inclusion immersive - ERIGET - Transformation des entreprises\" \/>\n<meta property=\"og:description\" content=\"Les interviews Happy PodCash vous pr\u00e9sentent de nouveaux h\u00e9ros dans un format plus court, plus condens\u00e9, plus rythm\u00e9. Comme pour les podcasts longue dur\u00e9e, ils incarnent pleinement la positivit\u00e9 et l&rsquo;humilit\u00e9 de ceux et celles qui changent le monde. Aujourd&rsquo;hui je vous pr\u00e9sente Gaetan Van Wijck fondateur et CEO de Melimpus, start up d&rsquo;innovation m\u00e9dicale&hellip; Lire la suite\" \/>\n<meta property=\"og:url\" content=\"https:\/\/eriget.com\/index.php\/2025\/09\/12\/litw-de-gaetan-van-wijck-developpeur-dinclusion-immersive\/\" \/>\n<meta property=\"og:site_name\" content=\"ERIGET - Transformation des entreprises\" \/>\n<meta property=\"article:published_time\" content=\"2025-09-12T05:15:51+00:00\" \/>\n<meta property=\"og:image\" content=\"https:\/\/eriget.com\/wp-content\/uploads\/2025\/09\/Gaetan-van-Wijck.webp\" \/>\n\t<meta property=\"og:image:width\" content=\"1200\" \/>\n\t<meta property=\"og:image:height\" content=\"1200\" \/>\n\t<meta property=\"og:image:type\" content=\"image\/webp\" \/>\n<meta name=\"author\" content=\"admin6305\" \/>\n<meta name=\"twitter:card\" content=\"summary_large_image\" \/>\n<meta name=\"twitter:label1\" content=\"\u00c9crit par\" \/>\n\t<meta name=\"twitter:data1\" content=\"admin6305\" \/>\n\t<meta name=\"twitter:label2\" content=\"Dur\u00e9e de lecture estim\u00e9e\" \/>\n\t<meta name=\"twitter:data2\" content=\"1 minute\" \/>\n<script type=\"application\/ld+json\" class=\"yoast-schema-graph\">{\"@context\":\"https:\/\/schema.org\",\"@graph\":[{\"@type\":\"Article\",\"@id\":\"https:\/\/eriget.com\/index.php\/2025\/09\/12\/litw-de-gaetan-van-wijck-developpeur-dinclusion-immersive\/#article\",\"isPartOf\":{\"@id\":\"https:\/\/eriget.com\/index.php\/2025\/09\/12\/litw-de-gaetan-van-wijck-developpeur-dinclusion-immersive\/\"},\"author\":{\"name\":\"admin6305\",\"@id\":\"https:\/\/eriget.com\/#\/schema\/person\/a25743fc37b6b57d3ac9b8c98a3d4944\"},\"headline\":\"L&rsquo;itw de Gaetan Van Wijck, d\u00e9veloppeur d&rsquo;inclusion immersive\",\"datePublished\":\"2025-09-12T05:15:51+00:00\",\"mainEntityOfPage\":{\"@id\":\"https:\/\/eriget.com\/index.php\/2025\/09\/12\/litw-de-gaetan-van-wijck-developpeur-dinclusion-immersive\/\"},\"wordCount\":169,\"image\":{\"@id\":\"https:\/\/eriget.com\/index.php\/2025\/09\/12\/litw-de-gaetan-van-wijck-developpeur-dinclusion-immersive\/#primaryimage\"},\"thumbnailUrl\":\"https:\/\/eriget.com\/wp-content\/uploads\/2025\/09\/Gaetan-van-Wijck.webp\",\"inLanguage\":\"fr-FR\"},{\"@type\":\"WebPage\",\"@id\":\"https:\/\/eriget.com\/index.php\/2025\/09\/12\/litw-de-gaetan-van-wijck-developpeur-dinclusion-immersive\/\",\"url\":\"https:\/\/eriget.com\/index.php\/2025\/09\/12\/litw-de-gaetan-van-wijck-developpeur-dinclusion-immersive\/\",\"name\":\"L'itw de Gaetan Van Wijck, d\u00e9veloppeur d'inclusion immersive - ERIGET - Transformation des entreprises\",\"isPartOf\":{\"@id\":\"https:\/\/eriget.com\/#website\"},\"primaryImageOfPage\":{\"@id\":\"https:\/\/eriget.com\/index.php\/2025\/09\/12\/litw-de-gaetan-van-wijck-developpeur-dinclusion-immersive\/#primaryimage\"},\"image\":{\"@id\":\"https:\/\/eriget.com\/index.php\/2025\/09\/12\/litw-de-gaetan-van-wijck-developpeur-dinclusion-immersive\/#primaryimage\"},\"thumbnailUrl\":\"https:\/\/eriget.com\/wp-content\/uploads\/2025\/09\/Gaetan-van-Wijck.webp\",\"datePublished\":\"2025-09-12T05:15:51+00:00\",\"author\":{\"@id\":\"https:\/\/eriget.com\/#\/schema\/person\/a25743fc37b6b57d3ac9b8c98a3d4944\"},\"breadcrumb\":{\"@id\":\"https:\/\/eriget.com\/index.php\/2025\/09\/12\/litw-de-gaetan-van-wijck-developpeur-dinclusion-immersive\/#breadcrumb\"},\"inLanguage\":\"fr-FR\",\"potentialAction\":[{\"@type\":\"ReadAction\",\"target\":[\"https:\/\/eriget.com\/index.php\/2025\/09\/12\/litw-de-gaetan-van-wijck-developpeur-dinclusion-immersive\/\"]}]},{\"@type\":\"ImageObject\",\"inLanguage\":\"fr-FR\",\"@id\":\"https:\/\/eriget.com\/index.php\/2025\/09\/12\/litw-de-gaetan-van-wijck-developpeur-dinclusion-immersive\/#primaryimage\",\"url\":\"https:\/\/eriget.com\/wp-content\/uploads\/2025\/09\/Gaetan-van-Wijck.webp\",\"contentUrl\":\"https:\/\/eriget.com\/wp-content\/uploads\/2025\/09\/Gaetan-van-Wijck.webp\",\"width\":1200,\"height\":1200},{\"@type\":\"BreadcrumbList\",\"@id\":\"https:\/\/eriget.com\/index.php\/2025\/09\/12\/litw-de-gaetan-van-wijck-developpeur-dinclusion-immersive\/#breadcrumb\",\"itemListElement\":[{\"@type\":\"ListItem\",\"position\":1,\"name\":\"Accueil\",\"item\":\"https:\/\/eriget.com\/\"},{\"@type\":\"ListItem\",\"position\":2,\"name\":\"L&rsquo;itw de Gaetan Van Wijck, d\u00e9veloppeur d&rsquo;inclusion immersive\"}]},{\"@type\":\"WebSite\",\"@id\":\"https:\/\/eriget.com\/#website\",\"url\":\"https:\/\/eriget.com\/\",\"name\":\"ERIGET - Transformation des entreprises\",\"description\":\"D\u00e9couvrez l&#039;activateur de croissance Addenel\",\"potentialAction\":[{\"@type\":\"SearchAction\",\"target\":{\"@type\":\"EntryPoint\",\"urlTemplate\":\"https:\/\/eriget.com\/?s={search_term_string}\"},\"query-input\":{\"@type\":\"PropertyValueSpecification\",\"valueRequired\":true,\"valueName\":\"search_term_string\"}}],\"inLanguage\":\"fr-FR\"},{\"@type\":\"Person\",\"@id\":\"https:\/\/eriget.com\/#\/schema\/person\/a25743fc37b6b57d3ac9b8c98a3d4944\",\"name\":\"admin6305\",\"image\":{\"@type\":\"ImageObject\",\"inLanguage\":\"fr-FR\",\"@id\":\"https:\/\/eriget.com\/#\/schema\/person\/image\/\",\"url\":\"https:\/\/secure.gravatar.com\/avatar\/3a3eac7b14d5ec70a525b29b0aefd1303d4bb2fa0075031f1c0ab00ed1f2d179?s=96&d=mm&r=g\",\"contentUrl\":\"https:\/\/secure.gravatar.com\/avatar\/3a3eac7b14d5ec70a525b29b0aefd1303d4bb2fa0075031f1c0ab00ed1f2d179?s=96&d=mm&r=g\",\"caption\":\"admin6305\"},\"sameAs\":[\"http:\/\/eriget.com\"],\"url\":\"https:\/\/eriget.com\/index.php\/author\/admin6305\/\"}]}<\/script>\n<!-- \/ Yoast SEO plugin. -->","yoast_head_json":{"title":"L'itw de Gaetan Van Wijck, d\u00e9veloppeur d'inclusion immersive - ERIGET - Transformation des entreprises","robots":{"index":"index","follow":"follow","max-snippet":"max-snippet:-1","max-image-preview":"max-image-preview:large","max-video-preview":"max-video-preview:-1"},"canonical":"https:\/\/eriget.com\/index.php\/2025\/09\/12\/litw-de-gaetan-van-wijck-developpeur-dinclusion-immersive\/","og_locale":"fr_FR","og_type":"article","og_title":"L'itw de Gaetan Van Wijck, d\u00e9veloppeur d'inclusion immersive - ERIGET - Transformation des entreprises","og_description":"Les interviews Happy PodCash vous pr\u00e9sentent de nouveaux h\u00e9ros dans un format plus court, plus condens\u00e9, plus rythm\u00e9. Comme pour les podcasts longue dur\u00e9e, ils incarnent pleinement la positivit\u00e9 et l&rsquo;humilit\u00e9 de ceux et celles qui changent le monde. Aujourd&rsquo;hui je vous pr\u00e9sente Gaetan Van Wijck fondateur et CEO de Melimpus, start up d&rsquo;innovation m\u00e9dicale&hellip; Lire la suite","og_url":"https:\/\/eriget.com\/index.php\/2025\/09\/12\/litw-de-gaetan-van-wijck-developpeur-dinclusion-immersive\/","og_site_name":"ERIGET - Transformation des entreprises","article_published_time":"2025-09-12T05:15:51+00:00","og_image":[{"width":1200,"height":1200,"url":"https:\/\/eriget.com\/wp-content\/uploads\/2025\/09\/Gaetan-van-Wijck.webp","type":"image\/webp"}],"author":"admin6305","twitter_card":"summary_large_image","twitter_misc":{"\u00c9crit par":"admin6305","Dur\u00e9e de lecture estim\u00e9e":"1 minute"},"schema":{"@context":"https:\/\/schema.org","@graph":[{"@type":"Article","@id":"https:\/\/eriget.com\/index.php\/2025\/09\/12\/litw-de-gaetan-van-wijck-developpeur-dinclusion-immersive\/#article","isPartOf":{"@id":"https:\/\/eriget.com\/index.php\/2025\/09\/12\/litw-de-gaetan-van-wijck-developpeur-dinclusion-immersive\/"},"author":{"name":"admin6305","@id":"https:\/\/eriget.com\/#\/schema\/person\/a25743fc37b6b57d3ac9b8c98a3d4944"},"headline":"L&rsquo;itw de Gaetan Van Wijck, d\u00e9veloppeur d&rsquo;inclusion immersive","datePublished":"2025-09-12T05:15:51+00:00","mainEntityOfPage":{"@id":"https:\/\/eriget.com\/index.php\/2025\/09\/12\/litw-de-gaetan-van-wijck-developpeur-dinclusion-immersive\/"},"wordCount":169,"image":{"@id":"https:\/\/eriget.com\/index.php\/2025\/09\/12\/litw-de-gaetan-van-wijck-developpeur-dinclusion-immersive\/#primaryimage"},"thumbnailUrl":"https:\/\/eriget.com\/wp-content\/uploads\/2025\/09\/Gaetan-van-Wijck.webp","inLanguage":"fr-FR"},{"@type":"WebPage","@id":"https:\/\/eriget.com\/index.php\/2025\/09\/12\/litw-de-gaetan-van-wijck-developpeur-dinclusion-immersive\/","url":"https:\/\/eriget.com\/index.php\/2025\/09\/12\/litw-de-gaetan-van-wijck-developpeur-dinclusion-immersive\/","name":"L'itw de Gaetan Van Wijck, d\u00e9veloppeur d'inclusion immersive - ERIGET - Transformation des entreprises","isPartOf":{"@id":"https:\/\/eriget.com\/#website"},"primaryImageOfPage":{"@id":"https:\/\/eriget.com\/index.php\/2025\/09\/12\/litw-de-gaetan-van-wijck-developpeur-dinclusion-immersive\/#primaryimage"},"image":{"@id":"https:\/\/eriget.com\/index.php\/2025\/09\/12\/litw-de-gaetan-van-wijck-developpeur-dinclusion-immersive\/#primaryimage"},"thumbnailUrl":"https:\/\/eriget.com\/wp-content\/uploads\/2025\/09\/Gaetan-van-Wijck.webp","datePublished":"2025-09-12T05:15:51+00:00","author":{"@id":"https:\/\/eriget.com\/#\/schema\/person\/a25743fc37b6b57d3ac9b8c98a3d4944"},"breadcrumb":{"@id":"https:\/\/eriget.com\/index.php\/2025\/09\/12\/litw-de-gaetan-van-wijck-developpeur-dinclusion-immersive\/#breadcrumb"},"inLanguage":"fr-FR","potentialAction":[{"@type":"ReadAction","target":["https:\/\/eriget.com\/index.php\/2025\/09\/12\/litw-de-gaetan-van-wijck-developpeur-dinclusion-immersive\/"]}]},{"@type":"ImageObject","inLanguage":"fr-FR","@id":"https:\/\/eriget.com\/index.php\/2025\/09\/12\/litw-de-gaetan-van-wijck-developpeur-dinclusion-immersive\/#primaryimage","url":"https:\/\/eriget.com\/wp-content\/uploads\/2025\/09\/Gaetan-van-Wijck.webp","contentUrl":"https:\/\/eriget.com\/wp-content\/uploads\/2025\/09\/Gaetan-van-Wijck.webp","width":1200,"height":1200},{"@type":"BreadcrumbList","@id":"https:\/\/eriget.com\/index.php\/2025\/09\/12\/litw-de-gaetan-van-wijck-developpeur-dinclusion-immersive\/#breadcrumb","itemListElement":[{"@type":"ListItem","position":1,"name":"Accueil","item":"https:\/\/eriget.com\/"},{"@type":"ListItem","position":2,"name":"L&rsquo;itw de Gaetan Van Wijck, d\u00e9veloppeur d&rsquo;inclusion immersive"}]},{"@type":"WebSite","@id":"https:\/\/eriget.com\/#website","url":"https:\/\/eriget.com\/","name":"ERIGET - Transformation des entreprises","description":"D\u00e9couvrez l&#039;activateur de croissance Addenel","potentialAction":[{"@type":"SearchAction","target":{"@type":"EntryPoint","urlTemplate":"https:\/\/eriget.com\/?s={search_term_string}"},"query-input":{"@type":"PropertyValueSpecification","valueRequired":true,"valueName":"search_term_string"}}],"inLanguage":"fr-FR"},{"@type":"Person","@id":"https:\/\/eriget.com\/#\/schema\/person\/a25743fc37b6b57d3ac9b8c98a3d4944","name":"admin6305","image":{"@type":"ImageObject","inLanguage":"fr-FR","@id":"https:\/\/eriget.com\/#\/schema\/person\/image\/","url":"https:\/\/secure.gravatar.com\/avatar\/3a3eac7b14d5ec70a525b29b0aefd1303d4bb2fa0075031f1c0ab00ed1f2d179?s=96&d=mm&r=g","contentUrl":"https:\/\/secure.gravatar.com\/avatar\/3a3eac7b14d5ec70a525b29b0aefd1303d4bb2fa0075031f1c0ab00ed1f2d179?s=96&d=mm&r=g","caption":"admin6305"},"sameAs":["http:\/\/eriget.com"],"url":"https:\/\/eriget.com\/index.php\/author\/admin6305\/"}]}},"_links":{"self":[{"href":"https:\/\/eriget.com\/index.php\/wp-json\/wp\/v2\/posts\/2149","targetHints":{"allow":["GET"]}}],"collection":[{"href":"https:\/\/eriget.com\/index.php\/wp-json\/wp\/v2\/posts"}],"about":[{"href":"https:\/\/eriget.com\/index.php\/wp-json\/wp\/v2\/types\/post"}],"author":[{"embeddable":true,"href":"https:\/\/eriget.com\/index.php\/wp-json\/wp\/v2\/users\/2"}],"replies":[{"embeddable":true,"href":"https:\/\/eriget.com\/index.php\/wp-json\/wp\/v2\/comments?post=2149"}],"version-history":[{"count":1,"href":"https:\/\/eriget.com\/index.php\/wp-json\/wp\/v2\/posts\/2149\/revisions"}],"predecessor-version":[{"id":2151,"href":"https:\/\/eriget.com\/index.php\/wp-json\/wp\/v2\/posts\/2149\/revisions\/2151"}],"wp:featuredmedia":[{"embeddable":true,"href":"https:\/\/eriget.com\/index.php\/wp-json\/wp\/v2\/media\/2150"}],"wp:attachment":[{"href":"https:\/\/eriget.com\/index.php\/wp-json\/wp\/v2\/media?parent=2149"}],"wp:term":[{"taxonomy":"category","embeddable":true,"href":"https:\/\/eriget.com\/index.php\/wp-json\/wp\/v2\/categories?post=2149"},{"taxonomy":"post_tag","embeddable":true,"href":"https:\/\/eriget.com\/index.php\/wp-json\/wp\/v2\/tags?post=2149"}],"curies":[{"name":"wp","href":"https:\/\/api.w.org\/{rel}","templated":true}]}}