{"id":2058,"date":"2025-03-15T07:10:02","date_gmt":"2025-03-15T06:10:02","guid":{"rendered":"https:\/\/eriget.com\/?p=2058"},"modified":"2025-07-14T09:52:36","modified_gmt":"2025-07-14T07:52:36","slug":"la-vie-est-belle-activer-la-dynamique-4-5","status":"publish","type":"post","link":"https:\/\/eriget.com\/index.php\/2025\/03\/15\/la-vie-est-belle-activer-la-dynamique-4-5\/","title":{"rendered":"La vie est belle : activer la dynamique (#4\/5)"},"content":{"rendered":"<p>Le podcast \u00ab\u00a0la vie est belle\u00a0\u00bb est la quatri\u00e8me s\u00e9rie consacr\u00e9e aux entrepreneurs multipotentiels et \u00e0 leurs \u00e9pop\u00e9es.<br \/>\nNotre nouveau h\u00e9ros, Nicholas Brooke, incarne pleinement la positivit\u00e9 et l&rsquo;humilit\u00e9 de ceux et celles qui changent le monde.<br \/>\nLa lumi\u00e8re est entr\u00e9e chez lui par une profonde f\u00e9lure de vie, lorsque son fils est n\u00e9 avec une infirmit\u00e9 motrice c\u00e9r\u00e9brale.<br \/>\nCet \u00e9v\u00e9nement a d\u00e9clench\u00e9 le passage \u00e0 l&rsquo;action pour repenser les \u00e9cosyt\u00e8mes et inventer de nouveaux mod\u00e8les vertueux, collaboratifs et dysruptifs.<br \/>\nL&rsquo;acte 4 nous relate l&rsquo;incroyable aventure d&rsquo;un groupe de parents qui s&rsquo;est mobilis\u00e9 pour construire une \u00e9cole secondaire d&rsquo;\u00e9ducation conductive (m\u00e9thode Pet\u00f6), adapt\u00e9e aux besoins de leurs enfants handicap\u00e9s.<br \/>\nCe qui les a amen\u00e9s \u00e0 cr\u00e9er la Fondation E2C, Ensemble En Chemin pour financer et d\u00e9velopper le projet qui b\u00e9n\u00e9ficie \u00e0 la communaut\u00e9 depuis 2019, en accueillant 50 enfants par an.<br \/>\nCet \u00e9pisode est relay\u00e9 par le Podcasthon qui se mobilise du 15 au 21 mars pour mettre en valeur les r\u00e9alisations du monde associatif.<\/p>\n<p><iframe style=\"border: 0px none; box-shadow: rgba(0, 0, 0, 0.28) 0px 0px 10px; width: calc(100% - 10px); height: 180px; margin-left: 5px; padding: 0;\" src=\"https:\/\/dts.podtrac.com\/redirect.mp3\/op3.dev\/e\/www.vodio.fr\/frameplay.php?idref=23581&amp;urlref=1\" scrolling=\"no\"><\/iframe><\/p>\n","protected":false},"excerpt":{"rendered":"<p>Le podcast \u00ab\u00a0la vie est belle\u00a0\u00bb est la quatri\u00e8me s\u00e9rie consacr\u00e9e aux entrepreneurs multipotentiels et \u00e0 leurs \u00e9pop\u00e9es. Notre nouveau h\u00e9ros, Nicholas Brooke, incarne pleinement la positivit\u00e9 et l&rsquo;humilit\u00e9 de ceux et celles qui changent le monde. La lumi\u00e8re est entr\u00e9e chez lui par une profonde f\u00e9lure de vie, lorsque son fils est n\u00e9 avec&hellip; <br \/> <a class=\"read-more\" href=\"https:\/\/eriget.com\/index.php\/2025\/03\/15\/la-vie-est-belle-activer-la-dynamique-4-5\/\">Lire la suite<\/a><\/p>\n","protected":false},"author":2,"featured_media":2059,"comment_status":"closed","ping_status":"open","sticky":false,"template":"","format":"standard","meta":{"footnotes":""},"categories":[1],"tags":[],"class_list":["post-2058","post","type-post","status-publish","format-standard","has-post-thumbnail","hentry","category-non-classe"],"yoast_head":"<!-- This site is optimized with the Yoast SEO plugin v26.8 - https:\/\/yoast.com\/product\/yoast-seo-wordpress\/ -->\n<title>La vie est belle : activer la dynamique (#4\/5) - ERIGET - Transformation des entreprises<\/title>\n<meta name=\"robots\" content=\"index, follow, max-snippet:-1, max-image-preview:large, max-video-preview:-1\" \/>\n<link rel=\"canonical\" href=\"https:\/\/eriget.com\/index.php\/2025\/03\/15\/la-vie-est-belle-activer-la-dynamique-4-5\/\" \/>\n<meta property=\"og:locale\" content=\"fr_FR\" \/>\n<meta property=\"og:type\" content=\"article\" \/>\n<meta property=\"og:title\" content=\"La vie est belle : activer la dynamique (#4\/5) - ERIGET - Transformation des entreprises\" \/>\n<meta property=\"og:description\" content=\"Le podcast \u00ab\u00a0la vie est belle\u00a0\u00bb est la quatri\u00e8me s\u00e9rie consacr\u00e9e aux entrepreneurs multipotentiels et \u00e0 leurs \u00e9pop\u00e9es. Notre nouveau h\u00e9ros, Nicholas Brooke, incarne pleinement la positivit\u00e9 et l&rsquo;humilit\u00e9 de ceux et celles qui changent le monde. La lumi\u00e8re est entr\u00e9e chez lui par une profonde f\u00e9lure de vie, lorsque son fils est n\u00e9 avec&hellip; Lire la suite\" \/>\n<meta property=\"og:url\" content=\"https:\/\/eriget.com\/index.php\/2025\/03\/15\/la-vie-est-belle-activer-la-dynamique-4-5\/\" \/>\n<meta property=\"og:site_name\" content=\"ERIGET - Transformation des entreprises\" \/>\n<meta property=\"article:published_time\" content=\"2025-03-15T06:10:02+00:00\" \/>\n<meta property=\"article:modified_time\" content=\"2025-07-14T07:52:36+00:00\" \/>\n<meta property=\"og:image\" content=\"https:\/\/eriget.com\/wp-content\/uploads\/2025\/03\/Vignette-4-podcasthon-noir.jpeg\" \/>\n\t<meta property=\"og:image:width\" content=\"1600\" \/>\n\t<meta property=\"og:image:height\" content=\"1600\" \/>\n\t<meta property=\"og:image:type\" content=\"image\/jpeg\" \/>\n<meta name=\"author\" content=\"admin6305\" \/>\n<meta name=\"twitter:card\" content=\"summary_large_image\" \/>\n<meta name=\"twitter:label1\" content=\"\u00c9crit par\" \/>\n\t<meta name=\"twitter:data1\" content=\"admin6305\" \/>\n\t<meta name=\"twitter:label2\" content=\"Dur\u00e9e de lecture estim\u00e9e\" \/>\n\t<meta name=\"twitter:data2\" content=\"2 minutes\" \/>\n<script type=\"application\/ld+json\" class=\"yoast-schema-graph\">{\"@context\":\"https:\/\/schema.org\",\"@graph\":[{\"@type\":\"Article\",\"@id\":\"https:\/\/eriget.com\/index.php\/2025\/03\/15\/la-vie-est-belle-activer-la-dynamique-4-5\/#article\",\"isPartOf\":{\"@id\":\"https:\/\/eriget.com\/index.php\/2025\/03\/15\/la-vie-est-belle-activer-la-dynamique-4-5\/\"},\"author\":{\"name\":\"admin6305\",\"@id\":\"https:\/\/eriget.com\/#\/schema\/person\/a25743fc37b6b57d3ac9b8c98a3d4944\"},\"headline\":\"La vie est belle : activer la dynamique (#4\/5)\",\"datePublished\":\"2025-03-15T06:10:02+00:00\",\"dateModified\":\"2025-07-14T07:52:36+00:00\",\"mainEntityOfPage\":{\"@id\":\"https:\/\/eriget.com\/index.php\/2025\/03\/15\/la-vie-est-belle-activer-la-dynamique-4-5\/\"},\"wordCount\":194,\"image\":{\"@id\":\"https:\/\/eriget.com\/index.php\/2025\/03\/15\/la-vie-est-belle-activer-la-dynamique-4-5\/#primaryimage\"},\"thumbnailUrl\":\"https:\/\/eriget.com\/wp-content\/uploads\/2025\/03\/Vignette-4-podcasthon-noir.jpeg\",\"inLanguage\":\"fr-FR\"},{\"@type\":\"WebPage\",\"@id\":\"https:\/\/eriget.com\/index.php\/2025\/03\/15\/la-vie-est-belle-activer-la-dynamique-4-5\/\",\"url\":\"https:\/\/eriget.com\/index.php\/2025\/03\/15\/la-vie-est-belle-activer-la-dynamique-4-5\/\",\"name\":\"La vie est belle : activer la dynamique (#4\/5) - ERIGET - Transformation des entreprises\",\"isPartOf\":{\"@id\":\"https:\/\/eriget.com\/#website\"},\"primaryImageOfPage\":{\"@id\":\"https:\/\/eriget.com\/index.php\/2025\/03\/15\/la-vie-est-belle-activer-la-dynamique-4-5\/#primaryimage\"},\"image\":{\"@id\":\"https:\/\/eriget.com\/index.php\/2025\/03\/15\/la-vie-est-belle-activer-la-dynamique-4-5\/#primaryimage\"},\"thumbnailUrl\":\"https:\/\/eriget.com\/wp-content\/uploads\/2025\/03\/Vignette-4-podcasthon-noir.jpeg\",\"datePublished\":\"2025-03-15T06:10:02+00:00\",\"dateModified\":\"2025-07-14T07:52:36+00:00\",\"author\":{\"@id\":\"https:\/\/eriget.com\/#\/schema\/person\/a25743fc37b6b57d3ac9b8c98a3d4944\"},\"breadcrumb\":{\"@id\":\"https:\/\/eriget.com\/index.php\/2025\/03\/15\/la-vie-est-belle-activer-la-dynamique-4-5\/#breadcrumb\"},\"inLanguage\":\"fr-FR\",\"potentialAction\":[{\"@type\":\"ReadAction\",\"target\":[\"https:\/\/eriget.com\/index.php\/2025\/03\/15\/la-vie-est-belle-activer-la-dynamique-4-5\/\"]}]},{\"@type\":\"ImageObject\",\"inLanguage\":\"fr-FR\",\"@id\":\"https:\/\/eriget.com\/index.php\/2025\/03\/15\/la-vie-est-belle-activer-la-dynamique-4-5\/#primaryimage\",\"url\":\"https:\/\/eriget.com\/wp-content\/uploads\/2025\/03\/Vignette-4-podcasthon-noir.jpeg\",\"contentUrl\":\"https:\/\/eriget.com\/wp-content\/uploads\/2025\/03\/Vignette-4-podcasthon-noir.jpeg\",\"width\":1600,\"height\":1600},{\"@type\":\"BreadcrumbList\",\"@id\":\"https:\/\/eriget.com\/index.php\/2025\/03\/15\/la-vie-est-belle-activer-la-dynamique-4-5\/#breadcrumb\",\"itemListElement\":[{\"@type\":\"ListItem\",\"position\":1,\"name\":\"Accueil\",\"item\":\"https:\/\/eriget.com\/\"},{\"@type\":\"ListItem\",\"position\":2,\"name\":\"La vie est belle : activer la dynamique (#4\/5)\"}]},{\"@type\":\"WebSite\",\"@id\":\"https:\/\/eriget.com\/#website\",\"url\":\"https:\/\/eriget.com\/\",\"name\":\"ERIGET - Transformation des entreprises\",\"description\":\"D\u00e9couvrez l&#039;activateur de croissance Addenel\",\"potentialAction\":[{\"@type\":\"SearchAction\",\"target\":{\"@type\":\"EntryPoint\",\"urlTemplate\":\"https:\/\/eriget.com\/?s={search_term_string}\"},\"query-input\":{\"@type\":\"PropertyValueSpecification\",\"valueRequired\":true,\"valueName\":\"search_term_string\"}}],\"inLanguage\":\"fr-FR\"},{\"@type\":\"Person\",\"@id\":\"https:\/\/eriget.com\/#\/schema\/person\/a25743fc37b6b57d3ac9b8c98a3d4944\",\"name\":\"admin6305\",\"image\":{\"@type\":\"ImageObject\",\"inLanguage\":\"fr-FR\",\"@id\":\"https:\/\/eriget.com\/#\/schema\/person\/image\/\",\"url\":\"https:\/\/secure.gravatar.com\/avatar\/3a3eac7b14d5ec70a525b29b0aefd1303d4bb2fa0075031f1c0ab00ed1f2d179?s=96&d=mm&r=g\",\"contentUrl\":\"https:\/\/secure.gravatar.com\/avatar\/3a3eac7b14d5ec70a525b29b0aefd1303d4bb2fa0075031f1c0ab00ed1f2d179?s=96&d=mm&r=g\",\"caption\":\"admin6305\"},\"sameAs\":[\"http:\/\/eriget.com\"],\"url\":\"https:\/\/eriget.com\/index.php\/author\/admin6305\/\"}]}<\/script>\n<!-- \/ Yoast SEO plugin. -->","yoast_head_json":{"title":"La vie est belle : activer la dynamique (#4\/5) - ERIGET - Transformation des entreprises","robots":{"index":"index","follow":"follow","max-snippet":"max-snippet:-1","max-image-preview":"max-image-preview:large","max-video-preview":"max-video-preview:-1"},"canonical":"https:\/\/eriget.com\/index.php\/2025\/03\/15\/la-vie-est-belle-activer-la-dynamique-4-5\/","og_locale":"fr_FR","og_type":"article","og_title":"La vie est belle : activer la dynamique (#4\/5) - ERIGET - Transformation des entreprises","og_description":"Le podcast \u00ab\u00a0la vie est belle\u00a0\u00bb est la quatri\u00e8me s\u00e9rie consacr\u00e9e aux entrepreneurs multipotentiels et \u00e0 leurs \u00e9pop\u00e9es. Notre nouveau h\u00e9ros, Nicholas Brooke, incarne pleinement la positivit\u00e9 et l&rsquo;humilit\u00e9 de ceux et celles qui changent le monde. La lumi\u00e8re est entr\u00e9e chez lui par une profonde f\u00e9lure de vie, lorsque son fils est n\u00e9 avec&hellip; Lire la suite","og_url":"https:\/\/eriget.com\/index.php\/2025\/03\/15\/la-vie-est-belle-activer-la-dynamique-4-5\/","og_site_name":"ERIGET - Transformation des entreprises","article_published_time":"2025-03-15T06:10:02+00:00","article_modified_time":"2025-07-14T07:52:36+00:00","og_image":[{"width":1600,"height":1600,"url":"https:\/\/eriget.com\/wp-content\/uploads\/2025\/03\/Vignette-4-podcasthon-noir.jpeg","type":"image\/jpeg"}],"author":"admin6305","twitter_card":"summary_large_image","twitter_misc":{"\u00c9crit par":"admin6305","Dur\u00e9e de lecture estim\u00e9e":"2 minutes"},"schema":{"@context":"https:\/\/schema.org","@graph":[{"@type":"Article","@id":"https:\/\/eriget.com\/index.php\/2025\/03\/15\/la-vie-est-belle-activer-la-dynamique-4-5\/#article","isPartOf":{"@id":"https:\/\/eriget.com\/index.php\/2025\/03\/15\/la-vie-est-belle-activer-la-dynamique-4-5\/"},"author":{"name":"admin6305","@id":"https:\/\/eriget.com\/#\/schema\/person\/a25743fc37b6b57d3ac9b8c98a3d4944"},"headline":"La vie est belle : activer la dynamique (#4\/5)","datePublished":"2025-03-15T06:10:02+00:00","dateModified":"2025-07-14T07:52:36+00:00","mainEntityOfPage":{"@id":"https:\/\/eriget.com\/index.php\/2025\/03\/15\/la-vie-est-belle-activer-la-dynamique-4-5\/"},"wordCount":194,"image":{"@id":"https:\/\/eriget.com\/index.php\/2025\/03\/15\/la-vie-est-belle-activer-la-dynamique-4-5\/#primaryimage"},"thumbnailUrl":"https:\/\/eriget.com\/wp-content\/uploads\/2025\/03\/Vignette-4-podcasthon-noir.jpeg","inLanguage":"fr-FR"},{"@type":"WebPage","@id":"https:\/\/eriget.com\/index.php\/2025\/03\/15\/la-vie-est-belle-activer-la-dynamique-4-5\/","url":"https:\/\/eriget.com\/index.php\/2025\/03\/15\/la-vie-est-belle-activer-la-dynamique-4-5\/","name":"La vie est belle : activer la dynamique (#4\/5) - ERIGET - Transformation des entreprises","isPartOf":{"@id":"https:\/\/eriget.com\/#website"},"primaryImageOfPage":{"@id":"https:\/\/eriget.com\/index.php\/2025\/03\/15\/la-vie-est-belle-activer-la-dynamique-4-5\/#primaryimage"},"image":{"@id":"https:\/\/eriget.com\/index.php\/2025\/03\/15\/la-vie-est-belle-activer-la-dynamique-4-5\/#primaryimage"},"thumbnailUrl":"https:\/\/eriget.com\/wp-content\/uploads\/2025\/03\/Vignette-4-podcasthon-noir.jpeg","datePublished":"2025-03-15T06:10:02+00:00","dateModified":"2025-07-14T07:52:36+00:00","author":{"@id":"https:\/\/eriget.com\/#\/schema\/person\/a25743fc37b6b57d3ac9b8c98a3d4944"},"breadcrumb":{"@id":"https:\/\/eriget.com\/index.php\/2025\/03\/15\/la-vie-est-belle-activer-la-dynamique-4-5\/#breadcrumb"},"inLanguage":"fr-FR","potentialAction":[{"@type":"ReadAction","target":["https:\/\/eriget.com\/index.php\/2025\/03\/15\/la-vie-est-belle-activer-la-dynamique-4-5\/"]}]},{"@type":"ImageObject","inLanguage":"fr-FR","@id":"https:\/\/eriget.com\/index.php\/2025\/03\/15\/la-vie-est-belle-activer-la-dynamique-4-5\/#primaryimage","url":"https:\/\/eriget.com\/wp-content\/uploads\/2025\/03\/Vignette-4-podcasthon-noir.jpeg","contentUrl":"https:\/\/eriget.com\/wp-content\/uploads\/2025\/03\/Vignette-4-podcasthon-noir.jpeg","width":1600,"height":1600},{"@type":"BreadcrumbList","@id":"https:\/\/eriget.com\/index.php\/2025\/03\/15\/la-vie-est-belle-activer-la-dynamique-4-5\/#breadcrumb","itemListElement":[{"@type":"ListItem","position":1,"name":"Accueil","item":"https:\/\/eriget.com\/"},{"@type":"ListItem","position":2,"name":"La vie est belle : activer la dynamique (#4\/5)"}]},{"@type":"WebSite","@id":"https:\/\/eriget.com\/#website","url":"https:\/\/eriget.com\/","name":"ERIGET - Transformation des entreprises","description":"D\u00e9couvrez l&#039;activateur de croissance Addenel","potentialAction":[{"@type":"SearchAction","target":{"@type":"EntryPoint","urlTemplate":"https:\/\/eriget.com\/?s={search_term_string}"},"query-input":{"@type":"PropertyValueSpecification","valueRequired":true,"valueName":"search_term_string"}}],"inLanguage":"fr-FR"},{"@type":"Person","@id":"https:\/\/eriget.com\/#\/schema\/person\/a25743fc37b6b57d3ac9b8c98a3d4944","name":"admin6305","image":{"@type":"ImageObject","inLanguage":"fr-FR","@id":"https:\/\/eriget.com\/#\/schema\/person\/image\/","url":"https:\/\/secure.gravatar.com\/avatar\/3a3eac7b14d5ec70a525b29b0aefd1303d4bb2fa0075031f1c0ab00ed1f2d179?s=96&d=mm&r=g","contentUrl":"https:\/\/secure.gravatar.com\/avatar\/3a3eac7b14d5ec70a525b29b0aefd1303d4bb2fa0075031f1c0ab00ed1f2d179?s=96&d=mm&r=g","caption":"admin6305"},"sameAs":["http:\/\/eriget.com"],"url":"https:\/\/eriget.com\/index.php\/author\/admin6305\/"}]}},"_links":{"self":[{"href":"https:\/\/eriget.com\/index.php\/wp-json\/wp\/v2\/posts\/2058","targetHints":{"allow":["GET"]}}],"collection":[{"href":"https:\/\/eriget.com\/index.php\/wp-json\/wp\/v2\/posts"}],"about":[{"href":"https:\/\/eriget.com\/index.php\/wp-json\/wp\/v2\/types\/post"}],"author":[{"embeddable":true,"href":"https:\/\/eriget.com\/index.php\/wp-json\/wp\/v2\/users\/2"}],"replies":[{"embeddable":true,"href":"https:\/\/eriget.com\/index.php\/wp-json\/wp\/v2\/comments?post=2058"}],"version-history":[{"count":1,"href":"https:\/\/eriget.com\/index.php\/wp-json\/wp\/v2\/posts\/2058\/revisions"}],"predecessor-version":[{"id":2060,"href":"https:\/\/eriget.com\/index.php\/wp-json\/wp\/v2\/posts\/2058\/revisions\/2060"}],"wp:featuredmedia":[{"embeddable":true,"href":"https:\/\/eriget.com\/index.php\/wp-json\/wp\/v2\/media\/2059"}],"wp:attachment":[{"href":"https:\/\/eriget.com\/index.php\/wp-json\/wp\/v2\/media?parent=2058"}],"wp:term":[{"taxonomy":"category","embeddable":true,"href":"https:\/\/eriget.com\/index.php\/wp-json\/wp\/v2\/categories?post=2058"},{"taxonomy":"post_tag","embeddable":true,"href":"https:\/\/eriget.com\/index.php\/wp-json\/wp\/v2\/tags?post=2058"}],"curies":[{"name":"wp","href":"https:\/\/api.w.org\/{rel}","templated":true}]}}