{"id":1894,"date":"2024-08-22T10:02:31","date_gmt":"2024-08-22T08:02:31","guid":{"rendered":"https:\/\/eriget.com\/?p=1894"},"modified":"2025-07-14T09:53:08","modified_gmt":"2025-07-14T07:53:08","slug":"les-feles-de-la-table-ronde-2-5","status":"publish","type":"post","link":"https:\/\/eriget.com\/index.php\/2024\/08\/22\/les-feles-de-la-table-ronde-2-5\/","title":{"rendered":"Les f\u00eal\u00e9s de la table ronde : s\u00e9quence 2"},"content":{"rendered":"<p>Le podcast des \u00ab\u00a0f\u00eal\u00e9s de la table ronde\u00a0\u00bb a \u00e9t\u00e9 enregistr\u00e9 en public le 6 juillet 2024, dans le cadre du festival PodBxl, organis\u00e9 par Vodio et The Podcast Factory Org.<br \/>\nL&rsquo;\u00e9mission dure 50 mn et a \u00e9t\u00e9 d\u00e9coup\u00e9e en 5 s\u00e9quences d&rsquo;environ 10 mn. Le format long sera diffus\u00e9 en dernier.<br \/>\nLa s\u00e9quence #2 est consacr\u00e9e aux strat\u00e9gies de comportement, aux m\u00e9canismes mis en \u0153uvre par nos h\u00e9ros pour masquer leur fragilit\u00e9, surmonter leurs peurs et leurs souffrances.<br \/>\nS\u00e9verine, Fr\u00e9d\u00e9ric, Aude, Mathieu, Pauline et Emilie vous parlent de la vie qu&rsquo;ils ont men\u00e9e avant de r\u00e9aliser et d&rsquo;accepter leur singularit\u00e9.<\/p>\n<p><iframe style=\"border: 0px none; box-shadow: rgba(0, 0, 0, 0.28) 0px 0px 10px; width: calc(100% - 10px); height: 180px; margin-left: 5px; padding: 0;\" src=\"https:\/\/dts.podtrac.com\/redirect.mp3\/op3.dev\/e\/www.vodio.fr\/frameplay.php?idref=20049&amp;urlref=1\" scrolling=\"no\"><\/iframe><\/p>\n","protected":false},"excerpt":{"rendered":"<p>Le podcast des \u00ab\u00a0f\u00eal\u00e9s de la table ronde\u00a0\u00bb a \u00e9t\u00e9 enregistr\u00e9 en public le 6 juillet 2024, dans le cadre du festival PodBxl, organis\u00e9 par Vodio et The Podcast Factory Org. L&rsquo;\u00e9mission dure 50 mn et a \u00e9t\u00e9 d\u00e9coup\u00e9e en 5 s\u00e9quences d&rsquo;environ 10 mn. Le format long sera diffus\u00e9 en dernier. La s\u00e9quence #2&hellip; <br \/> <a class=\"read-more\" href=\"https:\/\/eriget.com\/index.php\/2024\/08\/22\/les-feles-de-la-table-ronde-2-5\/\">Lire la suite<\/a><\/p>\n","protected":false},"author":2,"featured_media":1875,"comment_status":"closed","ping_status":"open","sticky":false,"template":"","format":"standard","meta":{"footnotes":""},"categories":[1],"tags":[],"class_list":["post-1894","post","type-post","status-publish","format-standard","has-post-thumbnail","hentry","category-non-classe"],"yoast_head":"<!-- This site is optimized with the Yoast SEO plugin v26.8 - https:\/\/yoast.com\/product\/yoast-seo-wordpress\/ -->\n<title>Les f\u00eal\u00e9s de la table ronde : s\u00e9quence 2 - ERIGET - Transformation des entreprises<\/title>\n<meta name=\"robots\" content=\"index, follow, max-snippet:-1, max-image-preview:large, max-video-preview:-1\" \/>\n<link rel=\"canonical\" href=\"https:\/\/eriget.com\/index.php\/2024\/08\/22\/les-feles-de-la-table-ronde-2-5\/\" \/>\n<meta property=\"og:locale\" content=\"fr_FR\" \/>\n<meta property=\"og:type\" content=\"article\" \/>\n<meta property=\"og:title\" content=\"Les f\u00eal\u00e9s de la table ronde : s\u00e9quence 2 - ERIGET - Transformation des entreprises\" \/>\n<meta property=\"og:description\" content=\"Le podcast des \u00ab\u00a0f\u00eal\u00e9s de la table ronde\u00a0\u00bb a \u00e9t\u00e9 enregistr\u00e9 en public le 6 juillet 2024, dans le cadre du festival PodBxl, organis\u00e9 par Vodio et The Podcast Factory Org. L&rsquo;\u00e9mission dure 50 mn et a \u00e9t\u00e9 d\u00e9coup\u00e9e en 5 s\u00e9quences d&rsquo;environ 10 mn. Le format long sera diffus\u00e9 en dernier. La s\u00e9quence #2&hellip; Lire la suite\" \/>\n<meta property=\"og:url\" content=\"https:\/\/eriget.com\/index.php\/2024\/08\/22\/les-feles-de-la-table-ronde-2-5\/\" \/>\n<meta property=\"og:site_name\" content=\"ERIGET - Transformation des entreprises\" \/>\n<meta property=\"article:published_time\" content=\"2024-08-22T08:02:31+00:00\" \/>\n<meta property=\"article:modified_time\" content=\"2025-07-14T07:53:08+00:00\" \/>\n<meta property=\"og:image\" content=\"https:\/\/eriget.com\/wp-content\/uploads\/2024\/08\/Vignette-LFTR-1_WEBP.webp\" \/>\n\t<meta property=\"og:image:width\" content=\"1400\" \/>\n\t<meta property=\"og:image:height\" content=\"1400\" \/>\n\t<meta property=\"og:image:type\" content=\"image\/webp\" \/>\n<meta name=\"author\" content=\"admin6305\" \/>\n<meta name=\"twitter:card\" content=\"summary_large_image\" \/>\n<meta name=\"twitter:label1\" content=\"\u00c9crit par\" \/>\n\t<meta name=\"twitter:data1\" content=\"admin6305\" \/>\n\t<meta name=\"twitter:label2\" content=\"Dur\u00e9e de lecture estim\u00e9e\" \/>\n\t<meta name=\"twitter:data2\" content=\"1 minute\" \/>\n<script type=\"application\/ld+json\" class=\"yoast-schema-graph\">{\"@context\":\"https:\/\/schema.org\",\"@graph\":[{\"@type\":\"Article\",\"@id\":\"https:\/\/eriget.com\/index.php\/2024\/08\/22\/les-feles-de-la-table-ronde-2-5\/#article\",\"isPartOf\":{\"@id\":\"https:\/\/eriget.com\/index.php\/2024\/08\/22\/les-feles-de-la-table-ronde-2-5\/\"},\"author\":{\"name\":\"admin6305\",\"@id\":\"https:\/\/eriget.com\/#\/schema\/person\/a25743fc37b6b57d3ac9b8c98a3d4944\"},\"headline\":\"Les f\u00eal\u00e9s de la table ronde : s\u00e9quence 2\",\"datePublished\":\"2024-08-22T08:02:31+00:00\",\"dateModified\":\"2025-07-14T07:53:08+00:00\",\"mainEntityOfPage\":{\"@id\":\"https:\/\/eriget.com\/index.php\/2024\/08\/22\/les-feles-de-la-table-ronde-2-5\/\"},\"wordCount\":124,\"image\":{\"@id\":\"https:\/\/eriget.com\/index.php\/2024\/08\/22\/les-feles-de-la-table-ronde-2-5\/#primaryimage\"},\"thumbnailUrl\":\"https:\/\/eriget.com\/wp-content\/uploads\/2024\/08\/Vignette-LFTR-1_WEBP.webp\",\"inLanguage\":\"fr-FR\"},{\"@type\":\"WebPage\",\"@id\":\"https:\/\/eriget.com\/index.php\/2024\/08\/22\/les-feles-de-la-table-ronde-2-5\/\",\"url\":\"https:\/\/eriget.com\/index.php\/2024\/08\/22\/les-feles-de-la-table-ronde-2-5\/\",\"name\":\"Les f\u00eal\u00e9s de la table ronde : s\u00e9quence 2 - ERIGET - Transformation des entreprises\",\"isPartOf\":{\"@id\":\"https:\/\/eriget.com\/#website\"},\"primaryImageOfPage\":{\"@id\":\"https:\/\/eriget.com\/index.php\/2024\/08\/22\/les-feles-de-la-table-ronde-2-5\/#primaryimage\"},\"image\":{\"@id\":\"https:\/\/eriget.com\/index.php\/2024\/08\/22\/les-feles-de-la-table-ronde-2-5\/#primaryimage\"},\"thumbnailUrl\":\"https:\/\/eriget.com\/wp-content\/uploads\/2024\/08\/Vignette-LFTR-1_WEBP.webp\",\"datePublished\":\"2024-08-22T08:02:31+00:00\",\"dateModified\":\"2025-07-14T07:53:08+00:00\",\"author\":{\"@id\":\"https:\/\/eriget.com\/#\/schema\/person\/a25743fc37b6b57d3ac9b8c98a3d4944\"},\"breadcrumb\":{\"@id\":\"https:\/\/eriget.com\/index.php\/2024\/08\/22\/les-feles-de-la-table-ronde-2-5\/#breadcrumb\"},\"inLanguage\":\"fr-FR\",\"potentialAction\":[{\"@type\":\"ReadAction\",\"target\":[\"https:\/\/eriget.com\/index.php\/2024\/08\/22\/les-feles-de-la-table-ronde-2-5\/\"]}]},{\"@type\":\"ImageObject\",\"inLanguage\":\"fr-FR\",\"@id\":\"https:\/\/eriget.com\/index.php\/2024\/08\/22\/les-feles-de-la-table-ronde-2-5\/#primaryimage\",\"url\":\"https:\/\/eriget.com\/wp-content\/uploads\/2024\/08\/Vignette-LFTR-1_WEBP.webp\",\"contentUrl\":\"https:\/\/eriget.com\/wp-content\/uploads\/2024\/08\/Vignette-LFTR-1_WEBP.webp\",\"width\":1400,\"height\":1400},{\"@type\":\"BreadcrumbList\",\"@id\":\"https:\/\/eriget.com\/index.php\/2024\/08\/22\/les-feles-de-la-table-ronde-2-5\/#breadcrumb\",\"itemListElement\":[{\"@type\":\"ListItem\",\"position\":1,\"name\":\"Accueil\",\"item\":\"https:\/\/eriget.com\/\"},{\"@type\":\"ListItem\",\"position\":2,\"name\":\"Les f\u00eal\u00e9s de la table ronde : s\u00e9quence 2\"}]},{\"@type\":\"WebSite\",\"@id\":\"https:\/\/eriget.com\/#website\",\"url\":\"https:\/\/eriget.com\/\",\"name\":\"ERIGET - Transformation des entreprises\",\"description\":\"D\u00e9couvrez l&#039;activateur de croissance Addenel\",\"potentialAction\":[{\"@type\":\"SearchAction\",\"target\":{\"@type\":\"EntryPoint\",\"urlTemplate\":\"https:\/\/eriget.com\/?s={search_term_string}\"},\"query-input\":{\"@type\":\"PropertyValueSpecification\",\"valueRequired\":true,\"valueName\":\"search_term_string\"}}],\"inLanguage\":\"fr-FR\"},{\"@type\":\"Person\",\"@id\":\"https:\/\/eriget.com\/#\/schema\/person\/a25743fc37b6b57d3ac9b8c98a3d4944\",\"name\":\"admin6305\",\"image\":{\"@type\":\"ImageObject\",\"inLanguage\":\"fr-FR\",\"@id\":\"https:\/\/eriget.com\/#\/schema\/person\/image\/\",\"url\":\"https:\/\/secure.gravatar.com\/avatar\/3a3eac7b14d5ec70a525b29b0aefd1303d4bb2fa0075031f1c0ab00ed1f2d179?s=96&d=mm&r=g\",\"contentUrl\":\"https:\/\/secure.gravatar.com\/avatar\/3a3eac7b14d5ec70a525b29b0aefd1303d4bb2fa0075031f1c0ab00ed1f2d179?s=96&d=mm&r=g\",\"caption\":\"admin6305\"},\"sameAs\":[\"http:\/\/eriget.com\"],\"url\":\"https:\/\/eriget.com\/index.php\/author\/admin6305\/\"}]}<\/script>\n<!-- \/ Yoast SEO plugin. -->","yoast_head_json":{"title":"Les f\u00eal\u00e9s de la table ronde : s\u00e9quence 2 - ERIGET - Transformation des entreprises","robots":{"index":"index","follow":"follow","max-snippet":"max-snippet:-1","max-image-preview":"max-image-preview:large","max-video-preview":"max-video-preview:-1"},"canonical":"https:\/\/eriget.com\/index.php\/2024\/08\/22\/les-feles-de-la-table-ronde-2-5\/","og_locale":"fr_FR","og_type":"article","og_title":"Les f\u00eal\u00e9s de la table ronde : s\u00e9quence 2 - ERIGET - Transformation des entreprises","og_description":"Le podcast des \u00ab\u00a0f\u00eal\u00e9s de la table ronde\u00a0\u00bb a \u00e9t\u00e9 enregistr\u00e9 en public le 6 juillet 2024, dans le cadre du festival PodBxl, organis\u00e9 par Vodio et The Podcast Factory Org. L&rsquo;\u00e9mission dure 50 mn et a \u00e9t\u00e9 d\u00e9coup\u00e9e en 5 s\u00e9quences d&rsquo;environ 10 mn. Le format long sera diffus\u00e9 en dernier. La s\u00e9quence #2&hellip; Lire la suite","og_url":"https:\/\/eriget.com\/index.php\/2024\/08\/22\/les-feles-de-la-table-ronde-2-5\/","og_site_name":"ERIGET - Transformation des entreprises","article_published_time":"2024-08-22T08:02:31+00:00","article_modified_time":"2025-07-14T07:53:08+00:00","og_image":[{"width":1400,"height":1400,"url":"https:\/\/eriget.com\/wp-content\/uploads\/2024\/08\/Vignette-LFTR-1_WEBP.webp","type":"image\/webp"}],"author":"admin6305","twitter_card":"summary_large_image","twitter_misc":{"\u00c9crit par":"admin6305","Dur\u00e9e de lecture estim\u00e9e":"1 minute"},"schema":{"@context":"https:\/\/schema.org","@graph":[{"@type":"Article","@id":"https:\/\/eriget.com\/index.php\/2024\/08\/22\/les-feles-de-la-table-ronde-2-5\/#article","isPartOf":{"@id":"https:\/\/eriget.com\/index.php\/2024\/08\/22\/les-feles-de-la-table-ronde-2-5\/"},"author":{"name":"admin6305","@id":"https:\/\/eriget.com\/#\/schema\/person\/a25743fc37b6b57d3ac9b8c98a3d4944"},"headline":"Les f\u00eal\u00e9s de la table ronde : s\u00e9quence 2","datePublished":"2024-08-22T08:02:31+00:00","dateModified":"2025-07-14T07:53:08+00:00","mainEntityOfPage":{"@id":"https:\/\/eriget.com\/index.php\/2024\/08\/22\/les-feles-de-la-table-ronde-2-5\/"},"wordCount":124,"image":{"@id":"https:\/\/eriget.com\/index.php\/2024\/08\/22\/les-feles-de-la-table-ronde-2-5\/#primaryimage"},"thumbnailUrl":"https:\/\/eriget.com\/wp-content\/uploads\/2024\/08\/Vignette-LFTR-1_WEBP.webp","inLanguage":"fr-FR"},{"@type":"WebPage","@id":"https:\/\/eriget.com\/index.php\/2024\/08\/22\/les-feles-de-la-table-ronde-2-5\/","url":"https:\/\/eriget.com\/index.php\/2024\/08\/22\/les-feles-de-la-table-ronde-2-5\/","name":"Les f\u00eal\u00e9s de la table ronde : s\u00e9quence 2 - ERIGET - Transformation des entreprises","isPartOf":{"@id":"https:\/\/eriget.com\/#website"},"primaryImageOfPage":{"@id":"https:\/\/eriget.com\/index.php\/2024\/08\/22\/les-feles-de-la-table-ronde-2-5\/#primaryimage"},"image":{"@id":"https:\/\/eriget.com\/index.php\/2024\/08\/22\/les-feles-de-la-table-ronde-2-5\/#primaryimage"},"thumbnailUrl":"https:\/\/eriget.com\/wp-content\/uploads\/2024\/08\/Vignette-LFTR-1_WEBP.webp","datePublished":"2024-08-22T08:02:31+00:00","dateModified":"2025-07-14T07:53:08+00:00","author":{"@id":"https:\/\/eriget.com\/#\/schema\/person\/a25743fc37b6b57d3ac9b8c98a3d4944"},"breadcrumb":{"@id":"https:\/\/eriget.com\/index.php\/2024\/08\/22\/les-feles-de-la-table-ronde-2-5\/#breadcrumb"},"inLanguage":"fr-FR","potentialAction":[{"@type":"ReadAction","target":["https:\/\/eriget.com\/index.php\/2024\/08\/22\/les-feles-de-la-table-ronde-2-5\/"]}]},{"@type":"ImageObject","inLanguage":"fr-FR","@id":"https:\/\/eriget.com\/index.php\/2024\/08\/22\/les-feles-de-la-table-ronde-2-5\/#primaryimage","url":"https:\/\/eriget.com\/wp-content\/uploads\/2024\/08\/Vignette-LFTR-1_WEBP.webp","contentUrl":"https:\/\/eriget.com\/wp-content\/uploads\/2024\/08\/Vignette-LFTR-1_WEBP.webp","width":1400,"height":1400},{"@type":"BreadcrumbList","@id":"https:\/\/eriget.com\/index.php\/2024\/08\/22\/les-feles-de-la-table-ronde-2-5\/#breadcrumb","itemListElement":[{"@type":"ListItem","position":1,"name":"Accueil","item":"https:\/\/eriget.com\/"},{"@type":"ListItem","position":2,"name":"Les f\u00eal\u00e9s de la table ronde : s\u00e9quence 2"}]},{"@type":"WebSite","@id":"https:\/\/eriget.com\/#website","url":"https:\/\/eriget.com\/","name":"ERIGET - Transformation des entreprises","description":"D\u00e9couvrez l&#039;activateur de croissance Addenel","potentialAction":[{"@type":"SearchAction","target":{"@type":"EntryPoint","urlTemplate":"https:\/\/eriget.com\/?s={search_term_string}"},"query-input":{"@type":"PropertyValueSpecification","valueRequired":true,"valueName":"search_term_string"}}],"inLanguage":"fr-FR"},{"@type":"Person","@id":"https:\/\/eriget.com\/#\/schema\/person\/a25743fc37b6b57d3ac9b8c98a3d4944","name":"admin6305","image":{"@type":"ImageObject","inLanguage":"fr-FR","@id":"https:\/\/eriget.com\/#\/schema\/person\/image\/","url":"https:\/\/secure.gravatar.com\/avatar\/3a3eac7b14d5ec70a525b29b0aefd1303d4bb2fa0075031f1c0ab00ed1f2d179?s=96&d=mm&r=g","contentUrl":"https:\/\/secure.gravatar.com\/avatar\/3a3eac7b14d5ec70a525b29b0aefd1303d4bb2fa0075031f1c0ab00ed1f2d179?s=96&d=mm&r=g","caption":"admin6305"},"sameAs":["http:\/\/eriget.com"],"url":"https:\/\/eriget.com\/index.php\/author\/admin6305\/"}]}},"_links":{"self":[{"href":"https:\/\/eriget.com\/index.php\/wp-json\/wp\/v2\/posts\/1894","targetHints":{"allow":["GET"]}}],"collection":[{"href":"https:\/\/eriget.com\/index.php\/wp-json\/wp\/v2\/posts"}],"about":[{"href":"https:\/\/eriget.com\/index.php\/wp-json\/wp\/v2\/types\/post"}],"author":[{"embeddable":true,"href":"https:\/\/eriget.com\/index.php\/wp-json\/wp\/v2\/users\/2"}],"replies":[{"embeddable":true,"href":"https:\/\/eriget.com\/index.php\/wp-json\/wp\/v2\/comments?post=1894"}],"version-history":[{"count":3,"href":"https:\/\/eriget.com\/index.php\/wp-json\/wp\/v2\/posts\/1894\/revisions"}],"predecessor-version":[{"id":1959,"href":"https:\/\/eriget.com\/index.php\/wp-json\/wp\/v2\/posts\/1894\/revisions\/1959"}],"wp:featuredmedia":[{"embeddable":true,"href":"https:\/\/eriget.com\/index.php\/wp-json\/wp\/v2\/media\/1875"}],"wp:attachment":[{"href":"https:\/\/eriget.com\/index.php\/wp-json\/wp\/v2\/media?parent=1894"}],"wp:term":[{"taxonomy":"category","embeddable":true,"href":"https:\/\/eriget.com\/index.php\/wp-json\/wp\/v2\/categories?post=1894"},{"taxonomy":"post_tag","embeddable":true,"href":"https:\/\/eriget.com\/index.php\/wp-json\/wp\/v2\/tags?post=1894"}],"curies":[{"name":"wp","href":"https:\/\/api.w.org\/{rel}","templated":true}]}}